{"id":538,"date":"2014-12-22T16:15:18","date_gmt":"2014-12-22T15:15:18","guid":{"rendered":"http:\/\/www.amicidimanaus.it\/sito\/?p=538"},"modified":"2022-12-21T18:11:06","modified_gmt":"2022-12-21T17:11:06","slug":"gli-amici-di-manaus-sul-web","status":"publish","type":"post","link":"https:\/\/www.amicidimanaus.it\/sito\/gli-amici-di-manaus-sul-web\/","title":{"rendered":"Gli Amici di Manaus sul web"},"content":{"rendered":"<p><img loading=\"lazy\" decoding=\"async\" class=\"alignleft size-medium wp-image-539\" src=\"https:\/\/www.amicidimanaus.it\/sito\/wp-content\/uploads\/2014\/12\/web-300x225.jpg\" alt=\"web\" width=\"300\" height=\"225\" srcset=\"https:\/\/www.amicidimanaus.it\/sito\/wp-content\/uploads\/2014\/12\/web-300x225.jpg 300w, https:\/\/www.amicidimanaus.it\/sito\/wp-content\/uploads\/2014\/12\/web-100x75.jpg 100w, https:\/\/www.amicidimanaus.it\/sito\/wp-content\/uploads\/2014\/12\/web.jpg 400w\" sizes=\"auto, (max-width: 300px) 100vw, 300px\" \/>Il <strong>nuovo sito<\/strong> degli Amici di Manaus \u00e8 on line. Una nuova veste pi\u00f9\u00a0chiara\u00a0che facilita la lettura. Un sito web pi\u00f9 social che ci permetter\u00e0 di interagire in modo pi\u00f9 diretto con tutti voi. Perfettamente navigabile anche da tablet e smartphone vi terr\u00e0 compagnia con l&#8217;aggiornamento di tutte le nostre attivit\u00e0.<\/p>\n","protected":false},"excerpt":{"rendered":"<p>Il nuovo sito degli Amici di Manaus \u00e8 on line. Una nuova veste pi\u00f9\u00a0chiara\u00a0che facilita la lettura. Un sito web pi\u00f9 social che ci permetter\u00e0 di interagire in modo pi\u00f9 diretto con tutti voi. Perfettamente navigabile anche da tablet e smartphone vi terr\u00e0 compagnia con l&#8217;aggiornamento di tutte le nostre attivit\u00e0.<\/p>\n","protected":false},"author":2,"featured_media":829,"comment_status":"closed","ping_status":"closed","sticky":false,"template":"","format":"standard","meta":{"footnotes":""},"categories":[41],"tags":[50],"class_list":["post-538","post","type-post","status-publish","format-standard","has-post-thumbnail","category-news","tag-sito"],"yoast_head":"<!-- This site is optimized with the Yoast SEO plugin v27.9 - https:\/\/yoast.com\/product\/yoast-seo-wordpress\/ -->\n<title>Gli Amici di Manaus sul web - Amici di Manaus<\/title>\n<meta name=\"robots\" content=\"index, follow, max-snippet:-1, max-image-preview:large, max-video-preview:-1\" \/>\n<link rel=\"canonical\" href=\"https:\/\/www.amicidimanaus.it\/sito\/gli-amici-di-manaus-sul-web\/\" \/>\n<meta property=\"og:locale\" content=\"it_IT\" \/>\n<meta property=\"og:type\" content=\"article\" \/>\n<meta property=\"og:title\" content=\"Gli Amici di Manaus sul web - Amici di Manaus\" \/>\n<meta property=\"og:description\" content=\"Il nuovo sito degli Amici di Manaus \u00e8 on line. Una nuova veste pi\u00f9\u00a0chiara\u00a0che facilita la lettura. Un sito web pi\u00f9 social che ci permetter\u00e0 di interagire in modo pi\u00f9 diretto con tutti voi. Perfettamente navigabile anche da tablet e smartphone vi terr\u00e0 compagnia con l&#8217;aggiornamento di tutte le nostre attivit\u00e0.\" \/>\n<meta property=\"og:url\" content=\"https:\/\/www.amicidimanaus.it\/sito\/gli-amici-di-manaus-sul-web\/\" \/>\n<meta property=\"og:site_name\" content=\"Amici di Manaus\" \/>\n<meta property=\"article:published_time\" content=\"2014-12-22T15:15:18+00:00\" \/>\n<meta property=\"article:modified_time\" content=\"2022-12-21T17:11:06+00:00\" \/>\n<meta property=\"og:image\" content=\"https:\/\/www.amicidimanaus.it\/sito\/wp-content\/uploads\/2015\/01\/news.jpg\" \/>\n\t<meta property=\"og:image:width\" content=\"1100\" \/>\n\t<meta property=\"og:image:height\" content=\"650\" \/>\n\t<meta property=\"og:image:type\" content=\"image\/jpeg\" \/>\n<meta name=\"author\" content=\"Staff\" \/>\n<meta name=\"twitter:card\" content=\"summary_large_image\" \/>\n<meta name=\"twitter:label1\" content=\"Scritto da\" \/>\n\t<meta name=\"twitter:data1\" content=\"Staff\" \/>\n\t<meta name=\"twitter:label2\" content=\"Tempo di lettura stimato\" \/>\n\t<meta name=\"twitter:data2\" content=\"1 minuto\" \/>\n<script type=\"application\/ld+json\" class=\"yoast-schema-graph\">{\"@context\":\"https:\\\/\\\/schema.org\",\"@graph\":[{\"@type\":\"Article\",\"@id\":\"https:\\\/\\\/www.amicidimanaus.it\\\/sito\\\/gli-amici-di-manaus-sul-web\\\/#article\",\"isPartOf\":{\"@id\":\"https:\\\/\\\/www.amicidimanaus.it\\\/sito\\\/gli-amici-di-manaus-sul-web\\\/\"},\"author\":{\"name\":\"Staff\",\"@id\":\"https:\\\/\\\/www.amicidimanaus.it\\\/sito\\\/#\\\/schema\\\/person\\\/b5c215f39591c7e2278eb1496908ed86\"},\"headline\":\"Gli Amici di Manaus sul web\",\"datePublished\":\"2014-12-22T15:15:18+00:00\",\"dateModified\":\"2022-12-21T17:11:06+00:00\",\"mainEntityOfPage\":{\"@id\":\"https:\\\/\\\/www.amicidimanaus.it\\\/sito\\\/gli-amici-di-manaus-sul-web\\\/\"},\"wordCount\":59,\"image\":{\"@id\":\"https:\\\/\\\/www.amicidimanaus.it\\\/sito\\\/gli-amici-di-manaus-sul-web\\\/#primaryimage\"},\"thumbnailUrl\":\"https:\\\/\\\/www.amicidimanaus.it\\\/sito\\\/wp-content\\\/uploads\\\/2015\\\/01\\\/news-e1782901055944.jpg\",\"keywords\":[\"sito\"],\"articleSection\":[\"News\"],\"inLanguage\":\"it-IT\"},{\"@type\":\"WebPage\",\"@id\":\"https:\\\/\\\/www.amicidimanaus.it\\\/sito\\\/gli-amici-di-manaus-sul-web\\\/\",\"url\":\"https:\\\/\\\/www.amicidimanaus.it\\\/sito\\\/gli-amici-di-manaus-sul-web\\\/\",\"name\":\"Gli Amici di Manaus sul web - Amici di Manaus\",\"isPartOf\":{\"@id\":\"https:\\\/\\\/www.amicidimanaus.it\\\/sito\\\/#website\"},\"primaryImageOfPage\":{\"@id\":\"https:\\\/\\\/www.amicidimanaus.it\\\/sito\\\/gli-amici-di-manaus-sul-web\\\/#primaryimage\"},\"image\":{\"@id\":\"https:\\\/\\\/www.amicidimanaus.it\\\/sito\\\/gli-amici-di-manaus-sul-web\\\/#primaryimage\"},\"thumbnailUrl\":\"https:\\\/\\\/www.amicidimanaus.it\\\/sito\\\/wp-content\\\/uploads\\\/2015\\\/01\\\/news-e1782901055944.jpg\",\"datePublished\":\"2014-12-22T15:15:18+00:00\",\"dateModified\":\"2022-12-21T17:11:06+00:00\",\"author\":{\"@id\":\"https:\\\/\\\/www.amicidimanaus.it\\\/sito\\\/#\\\/schema\\\/person\\\/b5c215f39591c7e2278eb1496908ed86\"},\"breadcrumb\":{\"@id\":\"https:\\\/\\\/www.amicidimanaus.it\\\/sito\\\/gli-amici-di-manaus-sul-web\\\/#breadcrumb\"},\"inLanguage\":\"it-IT\",\"potentialAction\":[{\"@type\":\"ReadAction\",\"target\":[\"https:\\\/\\\/www.amicidimanaus.it\\\/sito\\\/gli-amici-di-manaus-sul-web\\\/\"]}]},{\"@type\":\"ImageObject\",\"inLanguage\":\"it-IT\",\"@id\":\"https:\\\/\\\/www.amicidimanaus.it\\\/sito\\\/gli-amici-di-manaus-sul-web\\\/#primaryimage\",\"url\":\"https:\\\/\\\/www.amicidimanaus.it\\\/sito\\\/wp-content\\\/uploads\\\/2015\\\/01\\\/news-e1782901055944.jpg\",\"contentUrl\":\"https:\\\/\\\/www.amicidimanaus.it\\\/sito\\\/wp-content\\\/uploads\\\/2015\\\/01\\\/news-e1782901055944.jpg\",\"width\":660,\"height\":442},{\"@type\":\"BreadcrumbList\",\"@id\":\"https:\\\/\\\/www.amicidimanaus.it\\\/sito\\\/gli-amici-di-manaus-sul-web\\\/#breadcrumb\",\"itemListElement\":[{\"@type\":\"ListItem\",\"position\":1,\"name\":\"Home\",\"item\":\"https:\\\/\\\/www.amicidimanaus.it\\\/sito\\\/\"},{\"@type\":\"ListItem\",\"position\":2,\"name\":\"Gli Amici di Manaus sul web\"}]},{\"@type\":\"WebSite\",\"@id\":\"https:\\\/\\\/www.amicidimanaus.it\\\/sito\\\/#website\",\"url\":\"https:\\\/\\\/www.amicidimanaus.it\\\/sito\\\/\",\"name\":\"Amici di Manaus\",\"description\":\"Organizzazione di volontariato di adozione a distanza e di sostegno al vicino\",\"potentialAction\":[{\"@type\":\"SearchAction\",\"target\":{\"@type\":\"EntryPoint\",\"urlTemplate\":\"https:\\\/\\\/www.amicidimanaus.it\\\/sito\\\/?s={search_term_string}\"},\"query-input\":{\"@type\":\"PropertyValueSpecification\",\"valueRequired\":true,\"valueName\":\"search_term_string\"}}],\"inLanguage\":\"it-IT\"},{\"@type\":\"Person\",\"@id\":\"https:\\\/\\\/www.amicidimanaus.it\\\/sito\\\/#\\\/schema\\\/person\\\/b5c215f39591c7e2278eb1496908ed86\",\"name\":\"Staff\",\"image\":{\"@type\":\"ImageObject\",\"inLanguage\":\"it-IT\",\"@id\":\"https:\\\/\\\/secure.gravatar.com\\\/avatar\\\/ecd49c4402717123525630d4bb5d97241c1543bd7ff7ce1658a0c26e8e6a2e76?s=96&d=mm&r=g\",\"url\":\"https:\\\/\\\/secure.gravatar.com\\\/avatar\\\/ecd49c4402717123525630d4bb5d97241c1543bd7ff7ce1658a0c26e8e6a2e76?s=96&d=mm&r=g\",\"contentUrl\":\"https:\\\/\\\/secure.gravatar.com\\\/avatar\\\/ecd49c4402717123525630d4bb5d97241c1543bd7ff7ce1658a0c26e8e6a2e76?s=96&d=mm&r=g\",\"caption\":\"Staff\"},\"url\":\"https:\\\/\\\/www.amicidimanaus.it\\\/sito\\\/author\\\/staff\\\/\"}]}<\/script>\n<!-- \/ Yoast SEO plugin. -->","yoast_head_json":{"title":"Gli Amici di Manaus sul web - Amici di Manaus","robots":{"index":"index","follow":"follow","max-snippet":"max-snippet:-1","max-image-preview":"max-image-preview:large","max-video-preview":"max-video-preview:-1"},"canonical":"https:\/\/www.amicidimanaus.it\/sito\/gli-amici-di-manaus-sul-web\/","og_locale":"it_IT","og_type":"article","og_title":"Gli Amici di Manaus sul web - Amici di Manaus","og_description":"Il nuovo sito degli Amici di Manaus \u00e8 on line. Una nuova veste pi\u00f9\u00a0chiara\u00a0che facilita la lettura. Un sito web pi\u00f9 social che ci permetter\u00e0 di interagire in modo pi\u00f9 diretto con tutti voi. Perfettamente navigabile anche da tablet e smartphone vi terr\u00e0 compagnia con l&#8217;aggiornamento di tutte le nostre attivit\u00e0.","og_url":"https:\/\/www.amicidimanaus.it\/sito\/gli-amici-di-manaus-sul-web\/","og_site_name":"Amici di Manaus","article_published_time":"2014-12-22T15:15:18+00:00","article_modified_time":"2022-12-21T17:11:06+00:00","og_image":[{"width":1100,"height":650,"url":"https:\/\/www.amicidimanaus.it\/sito\/wp-content\/uploads\/2015\/01\/news.jpg","type":"image\/jpeg"}],"author":"Staff","twitter_card":"summary_large_image","twitter_misc":{"Scritto da":"Staff","Tempo di lettura stimato":"1 minuto"},"schema":{"@context":"https:\/\/schema.org","@graph":[{"@type":"Article","@id":"https:\/\/www.amicidimanaus.it\/sito\/gli-amici-di-manaus-sul-web\/#article","isPartOf":{"@id":"https:\/\/www.amicidimanaus.it\/sito\/gli-amici-di-manaus-sul-web\/"},"author":{"name":"Staff","@id":"https:\/\/www.amicidimanaus.it\/sito\/#\/schema\/person\/b5c215f39591c7e2278eb1496908ed86"},"headline":"Gli Amici di Manaus sul web","datePublished":"2014-12-22T15:15:18+00:00","dateModified":"2022-12-21T17:11:06+00:00","mainEntityOfPage":{"@id":"https:\/\/www.amicidimanaus.it\/sito\/gli-amici-di-manaus-sul-web\/"},"wordCount":59,"image":{"@id":"https:\/\/www.amicidimanaus.it\/sito\/gli-amici-di-manaus-sul-web\/#primaryimage"},"thumbnailUrl":"https:\/\/www.amicidimanaus.it\/sito\/wp-content\/uploads\/2015\/01\/news-e1782901055944.jpg","keywords":["sito"],"articleSection":["News"],"inLanguage":"it-IT"},{"@type":"WebPage","@id":"https:\/\/www.amicidimanaus.it\/sito\/gli-amici-di-manaus-sul-web\/","url":"https:\/\/www.amicidimanaus.it\/sito\/gli-amici-di-manaus-sul-web\/","name":"Gli Amici di Manaus sul web - Amici di Manaus","isPartOf":{"@id":"https:\/\/www.amicidimanaus.it\/sito\/#website"},"primaryImageOfPage":{"@id":"https:\/\/www.amicidimanaus.it\/sito\/gli-amici-di-manaus-sul-web\/#primaryimage"},"image":{"@id":"https:\/\/www.amicidimanaus.it\/sito\/gli-amici-di-manaus-sul-web\/#primaryimage"},"thumbnailUrl":"https:\/\/www.amicidimanaus.it\/sito\/wp-content\/uploads\/2015\/01\/news-e1782901055944.jpg","datePublished":"2014-12-22T15:15:18+00:00","dateModified":"2022-12-21T17:11:06+00:00","author":{"@id":"https:\/\/www.amicidimanaus.it\/sito\/#\/schema\/person\/b5c215f39591c7e2278eb1496908ed86"},"breadcrumb":{"@id":"https:\/\/www.amicidimanaus.it\/sito\/gli-amici-di-manaus-sul-web\/#breadcrumb"},"inLanguage":"it-IT","potentialAction":[{"@type":"ReadAction","target":["https:\/\/www.amicidimanaus.it\/sito\/gli-amici-di-manaus-sul-web\/"]}]},{"@type":"ImageObject","inLanguage":"it-IT","@id":"https:\/\/www.amicidimanaus.it\/sito\/gli-amici-di-manaus-sul-web\/#primaryimage","url":"https:\/\/www.amicidimanaus.it\/sito\/wp-content\/uploads\/2015\/01\/news-e1782901055944.jpg","contentUrl":"https:\/\/www.amicidimanaus.it\/sito\/wp-content\/uploads\/2015\/01\/news-e1782901055944.jpg","width":660,"height":442},{"@type":"BreadcrumbList","@id":"https:\/\/www.amicidimanaus.it\/sito\/gli-amici-di-manaus-sul-web\/#breadcrumb","itemListElement":[{"@type":"ListItem","position":1,"name":"Home","item":"https:\/\/www.amicidimanaus.it\/sito\/"},{"@type":"ListItem","position":2,"name":"Gli Amici di Manaus sul web"}]},{"@type":"WebSite","@id":"https:\/\/www.amicidimanaus.it\/sito\/#website","url":"https:\/\/www.amicidimanaus.it\/sito\/","name":"Amici di Manaus","description":"Organizzazione di volontariato di adozione a distanza e di sostegno al vicino","potentialAction":[{"@type":"SearchAction","target":{"@type":"EntryPoint","urlTemplate":"https:\/\/www.amicidimanaus.it\/sito\/?s={search_term_string}"},"query-input":{"@type":"PropertyValueSpecification","valueRequired":true,"valueName":"search_term_string"}}],"inLanguage":"it-IT"},{"@type":"Person","@id":"https:\/\/www.amicidimanaus.it\/sito\/#\/schema\/person\/b5c215f39591c7e2278eb1496908ed86","name":"Staff","image":{"@type":"ImageObject","inLanguage":"it-IT","@id":"https:\/\/secure.gravatar.com\/avatar\/ecd49c4402717123525630d4bb5d97241c1543bd7ff7ce1658a0c26e8e6a2e76?s=96&d=mm&r=g","url":"https:\/\/secure.gravatar.com\/avatar\/ecd49c4402717123525630d4bb5d97241c1543bd7ff7ce1658a0c26e8e6a2e76?s=96&d=mm&r=g","contentUrl":"https:\/\/secure.gravatar.com\/avatar\/ecd49c4402717123525630d4bb5d97241c1543bd7ff7ce1658a0c26e8e6a2e76?s=96&d=mm&r=g","caption":"Staff"},"url":"https:\/\/www.amicidimanaus.it\/sito\/author\/staff\/"}]}},"_links":{"self":[{"href":"https:\/\/www.amicidimanaus.it\/sito\/wp-json\/wp\/v2\/posts\/538","targetHints":{"allow":["GET"]}}],"collection":[{"href":"https:\/\/www.amicidimanaus.it\/sito\/wp-json\/wp\/v2\/posts"}],"about":[{"href":"https:\/\/www.amicidimanaus.it\/sito\/wp-json\/wp\/v2\/types\/post"}],"author":[{"embeddable":true,"href":"https:\/\/www.amicidimanaus.it\/sito\/wp-json\/wp\/v2\/users\/2"}],"replies":[{"embeddable":true,"href":"https:\/\/www.amicidimanaus.it\/sito\/wp-json\/wp\/v2\/comments?post=538"}],"version-history":[{"count":4,"href":"https:\/\/www.amicidimanaus.it\/sito\/wp-json\/wp\/v2\/posts\/538\/revisions"}],"predecessor-version":[{"id":831,"href":"https:\/\/www.amicidimanaus.it\/sito\/wp-json\/wp\/v2\/posts\/538\/revisions\/831"}],"wp:featuredmedia":[{"embeddable":true,"href":"https:\/\/www.amicidimanaus.it\/sito\/wp-json\/wp\/v2\/media\/829"}],"wp:attachment":[{"href":"https:\/\/www.amicidimanaus.it\/sito\/wp-json\/wp\/v2\/media?parent=538"}],"wp:term":[{"taxonomy":"category","embeddable":true,"href":"https:\/\/www.amicidimanaus.it\/sito\/wp-json\/wp\/v2\/categories?post=538"},{"taxonomy":"post_tag","embeddable":true,"href":"https:\/\/www.amicidimanaus.it\/sito\/wp-json\/wp\/v2\/tags?post=538"}],"curies":[{"name":"wp","href":"https:\/\/api.w.org\/{rel}","templated":true}]}}