{"id":515,"date":"2014-04-11T15:59:08","date_gmt":"2014-04-11T13:59:08","guid":{"rendered":"http:\/\/www.amicidimanaus.it\/sito\/?p=515"},"modified":"2014-12-22T16:01:11","modified_gmt":"2014-12-22T15:01:11","slug":"unesperienza-a-manaus","status":"publish","type":"post","link":"https:\/\/www.amicidimanaus.it\/sito\/unesperienza-a-manaus\/","title":{"rendered":"Un&#8217;esperienza a Manaus"},"content":{"rendered":"<p style=\"text-align: justify;\"><span style=\"color: #000000;\"><em>&#8220;<strong>E il mio cuore si riempiva d\u2019amore.<\/strong><\/em> <em>La prima frase che ho scritto sul mio taccuino di Manaus. Eravamo in tre. Io, mio fratello Giuseppe e Don Ezio che in missione ha passato una vita. Ma a Manaus era la prima volta per tutti e tre. Siamo partiti senza aspettative e senza sapere ci\u00f2 che avremmo trovato. <\/em><\/span><\/p>\n<p style=\"text-align: justify;\"><span style=\"color: #000000;\"><em>Avevo visto qualcosa, letto di esperienze precedenti tuttavia aspettavo di vedere questo meraviglioso mondo.<\/em> <em>Non c\u2019\u00e8 stato modo migliore per scoprire che la presenza di \u201cAmici di Manaus\u201d in quella realt\u00e0 \u00e8 pi\u00f9 viva e concreta di quanto noi possiamo immaginare. La gente delle favelas non smette di ringraziare \u201cGli Italiani\u201d che venerano per l\u2019aiuto che arriva ai loro bambini. <\/em><\/span><\/p>\n<p style=\"text-align: justify;\"><span style=\"color: #000000;\"><em>Con i soldi dei genitori adottivi i bambini hanno la possibilit\u00e0 di avere l\u2019istruzione presso la Scuola delle Suore del Carmelo, i genitori di pagare le loro uniformi. Il pacco mensile: Il sabato quel cortile colorato si \u00e8 riempito di gioia; tutti i bambini sono arrivati a scuola e hanno ricevuto il pacco di Febbraio: carne, pasta, legumi\u2026un pacco alto un metro che sfama non solo il bambino ma anche le loro famiglie. <\/em><\/span><\/p>\n<p style=\"text-align: justify;\"><span style=\"color: #000000;\"><em>Ricevono questo pacco una volta al mese, grazie ad Amici di Manaus. Lo stesso giorno \u00e8 arrivata Patricia nella scuola. Suor Mary mi chiama e dice \u201cfai una foto a Patricia\u201d, e Patricia mi mostrava vestiti, scarpe che aveva appena acquistato con il sostegno della sua famiglia di Taranto, grazie ad Amici di Manaus. <\/em><\/span><\/p>\n<p style=\"text-align: justify;\"><span style=\"color: #000000;\"><em>Abbiamo potuto conoscere tutti i bambini ed i ragazzi che fanno parte del Progetto: 143 bambini dai 3 ai 5 anni, 33 ragazzi di 16\/17 anni e 3 ragazzi universitari che hanno avuto la possibilit\u00e0 di frequentare un\u2019universit\u00e0 che porter\u00e0 questi giovani a credere nel loro futuro.<\/em> <em>La presenza dell\u2019Associazione si respira nelle favelas. Abbiamo visitato le famiglie di Zumbi, un quartiere dove centinaia di famiglie vivono in stanze di legno, anche in otto o in nove per casa. <\/em><\/span><\/p>\n<p style=\"text-align: justify;\"><span style=\"color: #000000;\"><em>Non \u00e8 stato facile vedere, pi\u00f9 difficile capire. Ma il sorriso di quei bambini ci ha aperto il cuore. La prima cosa che ho notato \u00e8 stata che essi non hanno niente ma hanno tutto: sanno accoglierti, sanno abbracciarti, sanno essere sinceri senza conoscerti e senza dover spiegare chi sei. E\u2019 gente vera. <\/em><\/span><\/p>\n<p style=\"text-align: justify;\"><span style=\"color: #000000;\"><em>Non importa se non hanno passato l\u2019aspirapolvere per ospitare gente in casa, perch\u00e9 l\u2019aspirapolvere non ce l\u2019hanno. Non importa se non hanno da mangiare, ma sono pronti ad offrirti tutto quello che hanno. E\u2019 gente vera! L\u2019associazione Amici di Manaus sta facendo un grande lavoro per tutti loro. <\/em><\/span><\/p>\n<p style=\"text-align: justify;\"><span style=\"color: #000000;\"><em>Ci\u00f2 che possiamo fare \u00e8 di non stancarci mai di imparare dalla gente delle favelas, andare, vedere, capire ed essere sempre testimoni per gli altri. <strong>Amici di Manaus c\u2019\u00e8, \u00e8 concreta, presente sul territorio, viva!<\/strong> Non stanchiamoci mai di fare del bene, \u00e8 l\u2019unico modo per rendere felici. <\/em><\/span><\/p>\n<p style=\"text-align: justify;\"><span style=\"color: #000000;\"><em>Da parte di tutti loro \u201cObrigado Italia! Obrigado!\u201d<\/em><\/span><\/p>\n<p style=\"text-align: justify;\"><span style=\"color: #000000;\"><strong>Chiara<\/strong><\/span><\/p>\n","protected":false},"excerpt":{"rendered":"<p>&#8220;E il mio cuore si riempiva d\u2019amore. La prima frase che ho scritto sul mio taccuino di Manaus. Eravamo in tre. Io, mio fratello Giuseppe e Don Ezio che in missione ha passato una vita. Ma a Manaus era la prima volta per tutti e tre. Siamo partiti senza aspettative e senza sapere ci\u00f2 che [&hellip;]<\/p>\n","protected":false},"author":2,"featured_media":458,"comment_status":"closed","ping_status":"open","sticky":false,"template":"","format":"standard","meta":{"footnotes":""},"categories":[41],"tags":[43],"class_list":["post-515","post","type-post","status-publish","format-standard","has-post-thumbnail","category-news","tag-manaus"],"yoast_head":"<!-- This site is optimized with the Yoast SEO plugin v27.9 - https:\/\/yoast.com\/product\/yoast-seo-wordpress\/ -->\n<title>Un&#039;esperienza a Manaus - Amici di Manaus<\/title>\n<meta name=\"robots\" content=\"index, follow, max-snippet:-1, max-image-preview:large, max-video-preview:-1\" \/>\n<link rel=\"canonical\" href=\"https:\/\/www.amicidimanaus.it\/sito\/unesperienza-a-manaus\/\" \/>\n<meta property=\"og:locale\" content=\"it_IT\" \/>\n<meta property=\"og:type\" content=\"article\" \/>\n<meta property=\"og:title\" content=\"Un&#039;esperienza a Manaus - Amici di Manaus\" \/>\n<meta property=\"og:description\" content=\"&#8220;E il mio cuore si riempiva d\u2019amore. La prima frase che ho scritto sul mio taccuino di Manaus. Eravamo in tre. Io, mio fratello Giuseppe e Don Ezio che in missione ha passato una vita. Ma a Manaus era la prima volta per tutti e tre. Siamo partiti senza aspettative e senza sapere ci\u00f2 che [&hellip;]\" \/>\n<meta property=\"og:url\" content=\"https:\/\/www.amicidimanaus.it\/sito\/unesperienza-a-manaus\/\" \/>\n<meta property=\"og:site_name\" content=\"Amici di Manaus\" \/>\n<meta property=\"article:published_time\" content=\"2014-04-11T13:59:08+00:00\" \/>\n<meta property=\"article:modified_time\" content=\"2014-12-22T15:01:11+00:00\" \/>\n<meta property=\"og:image\" content=\"https:\/\/www.amicidimanaus.it\/sito\/wp-content\/uploads\/2014\/12\/9.-Foresta_amazzonica.jpg\" \/>\n\t<meta property=\"og:image:width\" content=\"1200\" \/>\n\t<meta property=\"og:image:height\" content=\"766\" \/>\n\t<meta property=\"og:image:type\" content=\"image\/jpeg\" \/>\n<meta name=\"author\" content=\"Staff\" \/>\n<meta name=\"twitter:card\" content=\"summary_large_image\" \/>\n<meta name=\"twitter:label1\" content=\"Scritto da\" \/>\n\t<meta name=\"twitter:data1\" content=\"Staff\" \/>\n\t<meta name=\"twitter:label2\" content=\"Tempo di lettura stimato\" \/>\n\t<meta name=\"twitter:data2\" content=\"2 minuti\" \/>\n<script type=\"application\/ld+json\" class=\"yoast-schema-graph\">{\"@context\":\"https:\\\/\\\/schema.org\",\"@graph\":[{\"@type\":\"Article\",\"@id\":\"https:\\\/\\\/www.amicidimanaus.it\\\/sito\\\/unesperienza-a-manaus\\\/#article\",\"isPartOf\":{\"@id\":\"https:\\\/\\\/www.amicidimanaus.it\\\/sito\\\/unesperienza-a-manaus\\\/\"},\"author\":{\"name\":\"Staff\",\"@id\":\"https:\\\/\\\/www.amicidimanaus.it\\\/sito\\\/#\\\/schema\\\/person\\\/b5c215f39591c7e2278eb1496908ed86\"},\"headline\":\"Un&#8217;esperienza a Manaus\",\"datePublished\":\"2014-04-11T13:59:08+00:00\",\"dateModified\":\"2014-12-22T15:01:11+00:00\",\"mainEntityOfPage\":{\"@id\":\"https:\\\/\\\/www.amicidimanaus.it\\\/sito\\\/unesperienza-a-manaus\\\/\"},\"wordCount\":482,\"image\":{\"@id\":\"https:\\\/\\\/www.amicidimanaus.it\\\/sito\\\/unesperienza-a-manaus\\\/#primaryimage\"},\"thumbnailUrl\":\"https:\\\/\\\/www.amicidimanaus.it\\\/sito\\\/wp-content\\\/uploads\\\/2014\\\/12\\\/9.-Foresta_amazzonica.jpg\",\"keywords\":[\"manaus\"],\"articleSection\":[\"News\"],\"inLanguage\":\"it-IT\"},{\"@type\":\"WebPage\",\"@id\":\"https:\\\/\\\/www.amicidimanaus.it\\\/sito\\\/unesperienza-a-manaus\\\/\",\"url\":\"https:\\\/\\\/www.amicidimanaus.it\\\/sito\\\/unesperienza-a-manaus\\\/\",\"name\":\"Un'esperienza a Manaus - Amici di Manaus\",\"isPartOf\":{\"@id\":\"https:\\\/\\\/www.amicidimanaus.it\\\/sito\\\/#website\"},\"primaryImageOfPage\":{\"@id\":\"https:\\\/\\\/www.amicidimanaus.it\\\/sito\\\/unesperienza-a-manaus\\\/#primaryimage\"},\"image\":{\"@id\":\"https:\\\/\\\/www.amicidimanaus.it\\\/sito\\\/unesperienza-a-manaus\\\/#primaryimage\"},\"thumbnailUrl\":\"https:\\\/\\\/www.amicidimanaus.it\\\/sito\\\/wp-content\\\/uploads\\\/2014\\\/12\\\/9.-Foresta_amazzonica.jpg\",\"datePublished\":\"2014-04-11T13:59:08+00:00\",\"dateModified\":\"2014-12-22T15:01:11+00:00\",\"author\":{\"@id\":\"https:\\\/\\\/www.amicidimanaus.it\\\/sito\\\/#\\\/schema\\\/person\\\/b5c215f39591c7e2278eb1496908ed86\"},\"breadcrumb\":{\"@id\":\"https:\\\/\\\/www.amicidimanaus.it\\\/sito\\\/unesperienza-a-manaus\\\/#breadcrumb\"},\"inLanguage\":\"it-IT\",\"potentialAction\":[{\"@type\":\"ReadAction\",\"target\":[\"https:\\\/\\\/www.amicidimanaus.it\\\/sito\\\/unesperienza-a-manaus\\\/\"]}]},{\"@type\":\"ImageObject\",\"inLanguage\":\"it-IT\",\"@id\":\"https:\\\/\\\/www.amicidimanaus.it\\\/sito\\\/unesperienza-a-manaus\\\/#primaryimage\",\"url\":\"https:\\\/\\\/www.amicidimanaus.it\\\/sito\\\/wp-content\\\/uploads\\\/2014\\\/12\\\/9.-Foresta_amazzonica.jpg\",\"contentUrl\":\"https:\\\/\\\/www.amicidimanaus.it\\\/sito\\\/wp-content\\\/uploads\\\/2014\\\/12\\\/9.-Foresta_amazzonica.jpg\",\"width\":1200,\"height\":766},{\"@type\":\"BreadcrumbList\",\"@id\":\"https:\\\/\\\/www.amicidimanaus.it\\\/sito\\\/unesperienza-a-manaus\\\/#breadcrumb\",\"itemListElement\":[{\"@type\":\"ListItem\",\"position\":1,\"name\":\"Home\",\"item\":\"https:\\\/\\\/www.amicidimanaus.it\\\/sito\\\/\"},{\"@type\":\"ListItem\",\"position\":2,\"name\":\"Un&#8217;esperienza a Manaus\"}]},{\"@type\":\"WebSite\",\"@id\":\"https:\\\/\\\/www.amicidimanaus.it\\\/sito\\\/#website\",\"url\":\"https:\\\/\\\/www.amicidimanaus.it\\\/sito\\\/\",\"name\":\"Amici di Manaus\",\"description\":\"Organizzazione di volontariato di adozione a distanza e di sostegno al vicino\",\"potentialAction\":[{\"@type\":\"SearchAction\",\"target\":{\"@type\":\"EntryPoint\",\"urlTemplate\":\"https:\\\/\\\/www.amicidimanaus.it\\\/sito\\\/?s={search_term_string}\"},\"query-input\":{\"@type\":\"PropertyValueSpecification\",\"valueRequired\":true,\"valueName\":\"search_term_string\"}}],\"inLanguage\":\"it-IT\"},{\"@type\":\"Person\",\"@id\":\"https:\\\/\\\/www.amicidimanaus.it\\\/sito\\\/#\\\/schema\\\/person\\\/b5c215f39591c7e2278eb1496908ed86\",\"name\":\"Staff\",\"image\":{\"@type\":\"ImageObject\",\"inLanguage\":\"it-IT\",\"@id\":\"https:\\\/\\\/secure.gravatar.com\\\/avatar\\\/ecd49c4402717123525630d4bb5d97241c1543bd7ff7ce1658a0c26e8e6a2e76?s=96&d=mm&r=g\",\"url\":\"https:\\\/\\\/secure.gravatar.com\\\/avatar\\\/ecd49c4402717123525630d4bb5d97241c1543bd7ff7ce1658a0c26e8e6a2e76?s=96&d=mm&r=g\",\"contentUrl\":\"https:\\\/\\\/secure.gravatar.com\\\/avatar\\\/ecd49c4402717123525630d4bb5d97241c1543bd7ff7ce1658a0c26e8e6a2e76?s=96&d=mm&r=g\",\"caption\":\"Staff\"},\"url\":\"https:\\\/\\\/www.amicidimanaus.it\\\/sito\\\/author\\\/staff\\\/\"}]}<\/script>\n<!-- \/ Yoast SEO plugin. -->","yoast_head_json":{"title":"Un'esperienza a Manaus - Amici di Manaus","robots":{"index":"index","follow":"follow","max-snippet":"max-snippet:-1","max-image-preview":"max-image-preview:large","max-video-preview":"max-video-preview:-1"},"canonical":"https:\/\/www.amicidimanaus.it\/sito\/unesperienza-a-manaus\/","og_locale":"it_IT","og_type":"article","og_title":"Un'esperienza a Manaus - Amici di Manaus","og_description":"&#8220;E il mio cuore si riempiva d\u2019amore. La prima frase che ho scritto sul mio taccuino di Manaus. Eravamo in tre. Io, mio fratello Giuseppe e Don Ezio che in missione ha passato una vita. Ma a Manaus era la prima volta per tutti e tre. Siamo partiti senza aspettative e senza sapere ci\u00f2 che [&hellip;]","og_url":"https:\/\/www.amicidimanaus.it\/sito\/unesperienza-a-manaus\/","og_site_name":"Amici di Manaus","article_published_time":"2014-04-11T13:59:08+00:00","article_modified_time":"2014-12-22T15:01:11+00:00","og_image":[{"width":1200,"height":766,"url":"https:\/\/www.amicidimanaus.it\/sito\/wp-content\/uploads\/2014\/12\/9.-Foresta_amazzonica.jpg","type":"image\/jpeg"}],"author":"Staff","twitter_card":"summary_large_image","twitter_misc":{"Scritto da":"Staff","Tempo di lettura stimato":"2 minuti"},"schema":{"@context":"https:\/\/schema.org","@graph":[{"@type":"Article","@id":"https:\/\/www.amicidimanaus.it\/sito\/unesperienza-a-manaus\/#article","isPartOf":{"@id":"https:\/\/www.amicidimanaus.it\/sito\/unesperienza-a-manaus\/"},"author":{"name":"Staff","@id":"https:\/\/www.amicidimanaus.it\/sito\/#\/schema\/person\/b5c215f39591c7e2278eb1496908ed86"},"headline":"Un&#8217;esperienza a Manaus","datePublished":"2014-04-11T13:59:08+00:00","dateModified":"2014-12-22T15:01:11+00:00","mainEntityOfPage":{"@id":"https:\/\/www.amicidimanaus.it\/sito\/unesperienza-a-manaus\/"},"wordCount":482,"image":{"@id":"https:\/\/www.amicidimanaus.it\/sito\/unesperienza-a-manaus\/#primaryimage"},"thumbnailUrl":"https:\/\/www.amicidimanaus.it\/sito\/wp-content\/uploads\/2014\/12\/9.-Foresta_amazzonica.jpg","keywords":["manaus"],"articleSection":["News"],"inLanguage":"it-IT"},{"@type":"WebPage","@id":"https:\/\/www.amicidimanaus.it\/sito\/unesperienza-a-manaus\/","url":"https:\/\/www.amicidimanaus.it\/sito\/unesperienza-a-manaus\/","name":"Un'esperienza a Manaus - Amici di Manaus","isPartOf":{"@id":"https:\/\/www.amicidimanaus.it\/sito\/#website"},"primaryImageOfPage":{"@id":"https:\/\/www.amicidimanaus.it\/sito\/unesperienza-a-manaus\/#primaryimage"},"image":{"@id":"https:\/\/www.amicidimanaus.it\/sito\/unesperienza-a-manaus\/#primaryimage"},"thumbnailUrl":"https:\/\/www.amicidimanaus.it\/sito\/wp-content\/uploads\/2014\/12\/9.-Foresta_amazzonica.jpg","datePublished":"2014-04-11T13:59:08+00:00","dateModified":"2014-12-22T15:01:11+00:00","author":{"@id":"https:\/\/www.amicidimanaus.it\/sito\/#\/schema\/person\/b5c215f39591c7e2278eb1496908ed86"},"breadcrumb":{"@id":"https:\/\/www.amicidimanaus.it\/sito\/unesperienza-a-manaus\/#breadcrumb"},"inLanguage":"it-IT","potentialAction":[{"@type":"ReadAction","target":["https:\/\/www.amicidimanaus.it\/sito\/unesperienza-a-manaus\/"]}]},{"@type":"ImageObject","inLanguage":"it-IT","@id":"https:\/\/www.amicidimanaus.it\/sito\/unesperienza-a-manaus\/#primaryimage","url":"https:\/\/www.amicidimanaus.it\/sito\/wp-content\/uploads\/2014\/12\/9.-Foresta_amazzonica.jpg","contentUrl":"https:\/\/www.amicidimanaus.it\/sito\/wp-content\/uploads\/2014\/12\/9.-Foresta_amazzonica.jpg","width":1200,"height":766},{"@type":"BreadcrumbList","@id":"https:\/\/www.amicidimanaus.it\/sito\/unesperienza-a-manaus\/#breadcrumb","itemListElement":[{"@type":"ListItem","position":1,"name":"Home","item":"https:\/\/www.amicidimanaus.it\/sito\/"},{"@type":"ListItem","position":2,"name":"Un&#8217;esperienza a Manaus"}]},{"@type":"WebSite","@id":"https:\/\/www.amicidimanaus.it\/sito\/#website","url":"https:\/\/www.amicidimanaus.it\/sito\/","name":"Amici di Manaus","description":"Organizzazione di volontariato di adozione a distanza e di sostegno al vicino","potentialAction":[{"@type":"SearchAction","target":{"@type":"EntryPoint","urlTemplate":"https:\/\/www.amicidimanaus.it\/sito\/?s={search_term_string}"},"query-input":{"@type":"PropertyValueSpecification","valueRequired":true,"valueName":"search_term_string"}}],"inLanguage":"it-IT"},{"@type":"Person","@id":"https:\/\/www.amicidimanaus.it\/sito\/#\/schema\/person\/b5c215f39591c7e2278eb1496908ed86","name":"Staff","image":{"@type":"ImageObject","inLanguage":"it-IT","@id":"https:\/\/secure.gravatar.com\/avatar\/ecd49c4402717123525630d4bb5d97241c1543bd7ff7ce1658a0c26e8e6a2e76?s=96&d=mm&r=g","url":"https:\/\/secure.gravatar.com\/avatar\/ecd49c4402717123525630d4bb5d97241c1543bd7ff7ce1658a0c26e8e6a2e76?s=96&d=mm&r=g","contentUrl":"https:\/\/secure.gravatar.com\/avatar\/ecd49c4402717123525630d4bb5d97241c1543bd7ff7ce1658a0c26e8e6a2e76?s=96&d=mm&r=g","caption":"Staff"},"url":"https:\/\/www.amicidimanaus.it\/sito\/author\/staff\/"}]}},"_links":{"self":[{"href":"https:\/\/www.amicidimanaus.it\/sito\/wp-json\/wp\/v2\/posts\/515","targetHints":{"allow":["GET"]}}],"collection":[{"href":"https:\/\/www.amicidimanaus.it\/sito\/wp-json\/wp\/v2\/posts"}],"about":[{"href":"https:\/\/www.amicidimanaus.it\/sito\/wp-json\/wp\/v2\/types\/post"}],"author":[{"embeddable":true,"href":"https:\/\/www.amicidimanaus.it\/sito\/wp-json\/wp\/v2\/users\/2"}],"replies":[{"embeddable":true,"href":"https:\/\/www.amicidimanaus.it\/sito\/wp-json\/wp\/v2\/comments?post=515"}],"version-history":[{"count":5,"href":"https:\/\/www.amicidimanaus.it\/sito\/wp-json\/wp\/v2\/posts\/515\/revisions"}],"predecessor-version":[{"id":520,"href":"https:\/\/www.amicidimanaus.it\/sito\/wp-json\/wp\/v2\/posts\/515\/revisions\/520"}],"wp:featuredmedia":[{"embeddable":true,"href":"https:\/\/www.amicidimanaus.it\/sito\/wp-json\/wp\/v2\/media\/458"}],"wp:attachment":[{"href":"https:\/\/www.amicidimanaus.it\/sito\/wp-json\/wp\/v2\/media?parent=515"}],"wp:term":[{"taxonomy":"category","embeddable":true,"href":"https:\/\/www.amicidimanaus.it\/sito\/wp-json\/wp\/v2\/categories?post=515"},{"taxonomy":"post_tag","embeddable":true,"href":"https:\/\/www.amicidimanaus.it\/sito\/wp-json\/wp\/v2\/tags?post=515"}],"curies":[{"name":"wp","href":"https:\/\/api.w.org\/{rel}","templated":true}]}}